{"id":252,"count":10,"description":"<h3 style=\"text-decoration:underline\">Absage<\/h3>\r\n<p>Lange habe ich die Absage der Olivenfachreise nach Apulien  und Kalabrien mit den ZEIT-Reisen, unsere eigene auf den Peloponnes, sowie die  Wein-& Olivenreise mit NaturPur-Reisen in das n\u00f6rdliche Apulien  hinausgez\u00f6gert, nun aber muss ich sie f\u00fcr dieses Jahr absagen.<br \/>\r\n  Die Hygiene- und Abstandsregeln k\u00f6nnten zwar in den Hotels,  Restaurants und dem Bus gut eingehalten werden, zu unserer Reisezeit der  Nachsaison ist dort alles sehr entspannt und wir w\u00fcrden \u00fcberwiegend im Freien  sein. Die registrierten Infektionszahlen auf dem Peloponnes, in Apulien und  Kalabrien sind dazu noch sehr gering, was neben den \u00e4u\u00dferst rigiden  Lockdown-Bedingungen auch auf die geringe Bev\u00f6lkerungsdichte dort  zur\u00fcckzuf\u00fchren ist.\u00a0\u00a0\u00a0\u00a0 <br \/>\r\nEin m\u00f6gliches Problem f\u00fcr uns und die anderen Veranstalter  lie\u00df sich jedoch nicht l\u00f6sen. Es ist alles gut aber am zweiten Tag der Reise  bekommt ein Teilnehmer Fieber und ein Corona-Test erweist sich als positiv. Die  gesamte Reisegruppe m\u00fcsste sich daraufhin f\u00fcr vierzehn Tage in Quarant\u00e4ne  begeben. Vielleicht w\u00e4re sie dort zwar angenehmer als in den eigenen vier  W\u00e4nden zuhause, es wirft aber sofort die Frage der Verantwortung f\u00fcr die daraus  erwachsenden Kosten, auch eventueller Regressanspr\u00fcche, auf. Keine Versicherung  ist bisher bereit, daf\u00fcr Reiseveranstaltern ein Angebot zu machen. Lediglich  f\u00fcr Individual -Reisende gibt es daf\u00fcr erste Angebote von Versicherungen.<\/p>\r\n<p>Insgesamt  herrscht dar\u00fcber hinaus bei Vielen und auf allen Seiten noch eine allgemeine  Verunsicherung zu Reisen, insbesondere auch zum Fliegen. Die notwendige  Mindestanzahl von Teilnehmern und Teilnehmerinnen der Reisen w\u00e4ren knapp  erreicht worden, insgesamt ist die Situation aber noch nicht \u201erund\u201c, so dass  wir uns dann doch auf die sichere Seite der Absage begeben haben. Bei allen  dennoch Reisewilligen bitten wir daf\u00fcr um Verst\u00e4ndnis und versprechen, dass die  Reisen nur <em>aufgeschoben<\/em> und nicht <em>aufgehoben<\/em> sind.\r\n<\/p>","link":"https:\/\/www.artefakt.eu\/wissen\/rubrik\/reisen-zu-den-oliven-und-zur-olivenernte\/","name":"Reisen zu den Oliven und zur Olivenernte","slug":"reisen-zu-den-oliven-und-zur-olivenernte","taxonomy":"category","parent":0,"meta":[],"z_taxonomy_image_url":"https:\/\/www.artefakt.eu\/wissen\/wp-content\/plugins\/categories-images\/assets\/images\/placeholder.png","_links":{"self":[{"href":"https:\/\/www.artefakt.eu\/wissen\/wp-json\/wp\/v2\/categories\/252","targetHints":{"allow":["GET"]}}],"collection":[{"href":"https:\/\/www.artefakt.eu\/wissen\/wp-json\/wp\/v2\/categories"}],"about":[{"href":"https:\/\/www.artefakt.eu\/wissen\/wp-json\/wp\/v2\/taxonomies\/category"}],"wp:post_type":[{"href":"https:\/\/www.artefakt.eu\/wissen\/wp-json\/wp\/v2\/posts?categories=252"}],"curies":[{"name":"wp","href":"https:\/\/api.w.org\/{rel}","templated":true}]}}