{"id":21156,"date":"2023-09-30T12:51:35","date_gmt":"2023-09-30T11:51:35","guid":{"rendered":"https:\/\/www.artefakt.eu\/wissen\/?p=21156"},"modified":"2023-10-04T11:43:30","modified_gmt":"2023-10-04T10:43:30","slug":"vorbereitungen-fuer-die-olivenernte","status":"publish","type":"post","link":"https:\/\/www.artefakt.eu\/wissen\/vorbereitungen-fuer-die-olivenernte\/","title":{"rendered":"Vorbereitungen f\u00fcr die Olivenernte"},"content":{"rendered":"\n<figure class=\"wp-block-image size-full\"><img loading=\"lazy\" decoding=\"async\" width=\"1573\" height=\"533\" src=\"https:\/\/www.artefakt.eu\/wissen\/wp-content\/uploads\/2023\/09\/Vorbereitungen-Olivenernte.png\" alt=\"\" class=\"wp-image-21157\" srcset=\"https:\/\/www.artefakt.eu\/wissen\/wp-content\/uploads\/2023\/09\/Vorbereitungen-Olivenernte.png 1573w, https:\/\/www.artefakt.eu\/wissen\/wp-content\/uploads\/2023\/09\/Vorbereitungen-Olivenernte-350x119.png 350w, https:\/\/www.artefakt.eu\/wissen\/wp-content\/uploads\/2023\/09\/Vorbereitungen-Olivenernte-1024x347.png 1024w, https:\/\/www.artefakt.eu\/wissen\/wp-content\/uploads\/2023\/09\/Vorbereitungen-Olivenernte-768x260.png 768w, https:\/\/www.artefakt.eu\/wissen\/wp-content\/uploads\/2023\/09\/Vorbereitungen-Olivenernte-1536x520.png 1536w\" sizes=\"auto, (max-width: 1573px) 100vw, 1573px\" \/><\/figure>\n\n\n\n<div style=\"height:50px\" aria-hidden=\"true\" class=\"wp-block-spacer\"><\/div>\n\n\n\n<h1 class=\"wp-block-heading has-text-align-center has-text-color\" style=\"color:#76996b\"><strong>Ein Blick hinter die Kulissen in Katalonien<\/strong><\/h1>\n\n\n\n<h5 class=\"wp-block-heading has-text-align-center has-text-color\" style=\"color:#76996b\">von<em> Jakob Steffens<\/em><\/h5>\n\n\n\n<div style=\"height:30px\" aria-hidden=\"true\" class=\"wp-block-spacer\"><\/div>\n\n\n\n<div class=\"wp-block-columns is-layout-flex wp-container-core-columns-is-layout-9d6595d7 wp-block-columns-is-layout-flex\">\n<div class=\"wp-block-column is-vertically-aligned-center is-layout-flow wp-block-column-is-layout-flow\" style=\"flex-basis:33.33%\"><div class=\"wp-block-image\">\n<figure class=\"alignright size-full\"><img loading=\"lazy\" decoding=\"async\" width=\"375\" height=\"500\" src=\"https:\/\/www.artefakt.eu\/wissen\/wp-content\/uploads\/2023\/09\/20230820_101126_small.png\" alt=\"\" class=\"wp-image-21161\" style=\"object-fit:cover\" srcset=\"https:\/\/www.artefakt.eu\/wissen\/wp-content\/uploads\/2023\/09\/20230820_101126_small.png 375w, https:\/\/www.artefakt.eu\/wissen\/wp-content\/uploads\/2023\/09\/20230820_101126_small-263x350.png 263w\" sizes=\"auto, (max-width: 375px) 100vw, 375px\" \/><figcaption class=\"wp-element-caption\">Olivenbaum der Sorte Arbequina<\/figcaption><\/figure>\n<\/div><\/div>\n\n\n\n<div class=\"wp-block-column is-layout-flow wp-block-column-is-layout-flow\" style=\"flex-basis:66.66%\">\n<p>An einem sonnigen Septembertag hatte ich das Privileg, Adrian Ardac in R\u00edudoms (u.a. unser Oliven\u00f6l No.11) zu besuchen und einen Einblick in die Vorbereitungen der Ernte zu erhalten. Unsere Reise f\u00fchrte uns ins Priorat, wo er begutachten wollte, wie weit die Oliven bereits gereift sind.<\/p>\n\n\n\n<p>W\u00e4hrend der Autofahrt bemerkte Adrian mit einem leichten Schmunzeln, dass ich etwas sp\u00e4t dran sei. Dann erkl\u00e4rte er weiter: &#8222;Die Vorbereitung f\u00fcr die Ernte beginnt eigentlich direkt nach der letzten, und zwar mit einer umfassenden Analyse, bei der jede einzelne Entscheidung unter die Lupe genommen wird. Welche Ma\u00dfnahmen haben funktioniert, und wo besteht Raum f\u00fcr Verbesserungen? Wo muss die Kommunikation besser werden? Dieser kritische Blick legt die Grundlage f\u00fcr die kommende Ernte.&#8220;<\/p>\n\n\n\n<p>Anfang des Jahres beginnt dann die Pflege der B\u00e4ume. Diese legt den Grundstein und l\u00e4sst sich im Nachhinein und auf Jahre nur schwer wieder korrigieren. Denn der richtige Schnitt der B\u00e4ume sorgt daf\u00fcr, dass auch in Zukunft gen\u00fcgend hochwertige Oliven an den zweij\u00e4hrigen Trieben wachsen.<\/p>\n\n\n\n<p>Als wir aus dem Auto stiegen, wartete bereits Luis. Es gab einen herzlichen und warmen Empfang. Die beiden kennen sich schon lange, und es herrscht ein reger Austausch. Adrian ist sichtlich interessiert und wissbegierig an Luis&#8216; Einsch\u00e4tzungen und \u00dcberlegungen. Die regelm\u00e4\u00dfige Kommunikation ist unverzichtbar, um den Zustand der B\u00e4ume zu \u00fcberwachen. Sch\u00e4dlinge oder Wassermangel m\u00fcssen fr\u00fchzeitig erkannt und angegangen werden. Adrian beh\u00e4lt stets das gro\u00dfe Ganze im Blick, um sp\u00e4ter ein erstklassiges Oliven\u00f6l gewinnen zu k\u00f6nnen.<\/p>\n<\/div>\n<\/div>\n\n\n\n<div class=\"wp-block-columns is-layout-flex wp-container-core-columns-is-layout-9d6595d7 wp-block-columns-is-layout-flex\">\n<div class=\"wp-block-column is-vertically-aligned-center is-layout-flow wp-block-column-is-layout-flow\" style=\"flex-basis:66.66%\">\n<p>W\u00e4hrend wir durch die Olivenhaine schlenderten, wirkte Adrian sichtlich zufrieden. Trotz eines trockenen Jahres hatte die j\u00fcngste Regenperiode die Oliven wachsen lassen. Es wird wahrscheinlich keine gute Ernte, aber voraussichtlich ertragreicher als vor einigen Wochen noch bef\u00fcrchtet. Seine pers\u00f6nlichen Besuche bei den Olivenbauern und die regelm\u00e4\u00dfigen Baum-Fotos und -Videos, die sie ihm schicken, erm\u00f6glichen es Adrian, den Reifegrad der Fr\u00fcchte pr\u00e4zise zu verfolgen. Er wei\u00df auch genau, wen er etwas enger f\u00fchren muss und wo ein oder zwei monatliche Anrufe ausreichen. Der n\u00e4chste Termin mit Luis wird in zwei Wochen stattfinden, danach folgen die Begehungen in k\u00fcrzeren Abst\u00e4nden.<\/p>\n<\/div>\n\n\n\n<div class=\"wp-block-column is-layout-flow wp-block-column-is-layout-flow\" style=\"flex-basis:33.33%\"><div class=\"wp-block-image\">\n<figure class=\"alignleft size-large is-resized\"><img decoding=\"async\" src=\"https:\/\/www.artefakt.eu\/wissen\/wp-content\/uploads\/2023\/09\/Adrian-Ardac_9048_small-683x1024.png\" alt=\"\" class=\"wp-image-21158\" style=\"height:300px\" height=\"300\" srcset=\"https:\/\/www.artefakt.eu\/wissen\/wp-content\/uploads\/2023\/09\/Adrian-Ardac_9048_small-683x1024.png 683w, https:\/\/www.artefakt.eu\/wissen\/wp-content\/uploads\/2023\/09\/Adrian-Ardac_9048_small-233x350.png 233w, https:\/\/www.artefakt.eu\/wissen\/wp-content\/uploads\/2023\/09\/Adrian-Ardac_9048_small-768x1152.png 768w, https:\/\/www.artefakt.eu\/wissen\/wp-content\/uploads\/2023\/09\/Adrian-Ardac_9048_small.png 1000w\" sizes=\"(max-width: 683px) 100vw, 683px\" \/><figcaption class=\"wp-element-caption\">Adrian Ardac im Priorat<\/figcaption><\/figure>\n<\/div><\/div>\n<\/div>\n\n\n\n<div class=\"wp-block-columns is-layout-flex wp-container-core-columns-is-layout-9d6595d7 wp-block-columns-is-layout-flex\">\n<div class=\"wp-block-column is-layout-flow wp-block-column-is-layout-flow\" style=\"flex-basis:33.33%\"><div class=\"wp-block-image\">\n<figure class=\"alignright size-full is-resized\"><img decoding=\"async\" src=\"https:\/\/www.artefakt.eu\/wissen\/wp-content\/uploads\/2023\/09\/20230820_101159_small.png\" alt=\"\" class=\"wp-image-21162\" style=\"height:300px\" height=\"300\" srcset=\"https:\/\/www.artefakt.eu\/wissen\/wp-content\/uploads\/2023\/09\/20230820_101159_small.png 375w, https:\/\/www.artefakt.eu\/wissen\/wp-content\/uploads\/2023\/09\/20230820_101159_small-263x350.png 263w\" sizes=\"(max-width: 375px) 100vw, 375px\" \/><figcaption class=\"wp-element-caption\">noch unreife Arbequina-Oliven<\/figcaption><\/figure>\n<\/div><\/div>\n\n\n\n<div class=\"wp-block-column is-vertically-aligned-center is-layout-flow wp-block-column-is-layout-flow\" style=\"flex-basis:66.66%\">\n<p>Am n\u00e4chsten Tag sa\u00dfen wir in Adrians B\u00fcro, wo er seine Notizen zum Reifestand und zur Erntemenge in einen detaillierten Ernteplan \u00fcbertrug. Ich schaute ihm \u00fcber die Schulter und staunte \u00fcber seine akribische Planung. Dort hielt er auch fest, welcher Olivenbauer welche Menge Oliven an welchem Tag liefern w\u00fcrde. Diese Planung ist entscheidend, um sicherzustellen, dass die Oliven nicht zu lange am Baum reifen und gleichzeitig die M\u00fchle nicht \u00fcberlastet wird. Darin wurde auch festgehalten, wer welche Erntemethode anwenden w\u00fcrde und mit welchem Transportmittel die Oliven zur M\u00fchle gelangen sollten. Diese R\u00fcckverfolgbarkeit ist wichtig, denn sonst l\u00e4sst sich im Nachhinein nicht feststellen, wie gegebenenfalls Fremdstoffe in das Oliven\u00f6l gelangt sein k\u00f6nnten.<\/p>\n<\/div>\n<\/div>\n\n\n\n<div class=\"wp-block-columns is-layout-flex wp-container-core-columns-is-layout-9d6595d7 wp-block-columns-is-layout-flex\">\n<div class=\"wp-block-column is-vertically-aligned-center is-layout-flow wp-block-column-is-layout-flow\">\n<p>Als wir am Nachmittag zur M\u00fchle fuhren, war es dr\u00fcckend schw\u00fcl. Es gab unglaublich viele M\u00fccken, die sich sichtlich \u00fcber unsere Ankunft freuten. \u00dcberall herrschte gesch\u00e4ftiges Treiben, und letzte Vorkehrungen wurden getroffen. Die Maschinen wurden bis zur letzten Schraube sorgf\u00e4ltig gereinigt. Im n\u00e4chsten Schritt werden alle Maschinen gewartet, denn das Zeitfenster f\u00fcr die Ernte ist kurz, und wenn die Oliven nicht innerhalb k\u00fcrzester Zeit nach der Ernte verarbeitet werden, wirkt sich das unmittelbar auf die Qualit\u00e4t des Oliven\u00f6ls aus. Genauigkeit ist also gefragt \u2013 die Maschinen m\u00fcssen einwandfrei funktionieren.<\/p>\n<\/div>\n\n\n\n<div class=\"wp-block-column is-layout-flow wp-block-column-is-layout-flow\"><div class=\"wp-block-image\">\n<figure class=\"alignleft size-full is-resized\"><img decoding=\"async\" src=\"https:\/\/www.artefakt.eu\/wissen\/wp-content\/uploads\/2023\/09\/image00005_small.png\" alt=\"\" class=\"wp-image-21160\" style=\"height:300px\" height=\"300\" srcset=\"https:\/\/www.artefakt.eu\/wissen\/wp-content\/uploads\/2023\/09\/image00005_small.png 1000w, https:\/\/www.artefakt.eu\/wissen\/wp-content\/uploads\/2023\/09\/image00005_small-350x263.png 350w, https:\/\/www.artefakt.eu\/wissen\/wp-content\/uploads\/2023\/09\/image00005_small-768x576.png 768w\" sizes=\"(max-width: 1000px) 100vw, 1000px\" \/><figcaption class=\"wp-element-caption\">Adrian Ardac und Jakob Steffens vor Olivenhainen<\/figcaption><\/figure>\n<\/div><\/div>\n<\/div>\n\n\n\n<p>Pl\u00f6tzlich klingelte das Telefon. Wie Adrian mir wenig sp\u00e4ter auf der Fahrt erz\u00e4hlte, hatte ein neuer Olivenbauer Bedenken. Das ist nichts Neues f\u00fcr Adrian, er wirkte sichtlich gelassen. Jedes Jahr hat er Kapazit\u00e4ten, um bis zu zwei neue Olivenbauern in den Prozess zu integrieren. Es erfordert Geduld, da die Neuen zun\u00e4chst einmal die Philosophie der Qualit\u00e4tsproduktion verstehen und verinnerlichen m\u00fcssen. Dabei gibt es h\u00e4ufig R\u00fcckschl\u00e4ge. Adrians Passion f\u00fcr Qualit\u00e4t und sein beharrlicher Einsatz f\u00fcr die Olivenbauern sind sp\u00fcrbar. Als wir bei Hector ankamen, bemerkte ich, wie Adrian sehr sachlich mit ihm kommunizierte. Dabei w\u00e4hlte er positive und motivierende Worte, um ihm seine \u00c4ngste und Bef\u00fcrchtungen zu nehmen und ihn gleicherma\u00dfen davon zu \u00fcberzeugen, sich auf diese Reise zu einem erstklassigen Oliven\u00f6l zu begeben.<\/p>\n\n\n\n<p>Meine kurze Reise nach Katalonien gew\u00e4hrte mir nur einen kleinen Einblick in die Arbeit eines Oliviers. Mit dem <a href=\"https:\/\/www.artefakt.eu\/nur-fuer-kurze-zeit\/arbequina-primario-olivenoel\/1845\/primario-bio-olivenoel-arbequina\">Primario<\/a> werden wir sehen, ob die sorgf\u00e4ltige Planung und Kommunikation Fr\u00fcchte tragen und ob die Absprachen von beiden Seiten eingehalten werden.<\/p>\n\n\n\n<div style=\"height:100px\" aria-hidden=\"true\" class=\"wp-block-spacer\"><\/div>\n","protected":false},"excerpt":{"rendered":"<p>Ein Blick hinter die Kulissen in Katalonien von Jakob Steffens An einem sonnigen Septembertag hatte ich das Privileg, Adrian Ardac in R\u00edudoms (u.a. unser Oliven\u00f6l No.11) zu besuchen und einen Einblick in die Vorbereitungen der Ernte zu erhalten. Unsere Reise f\u00fchrte uns ins Priorat, wo er begutachten wollte, wie weit die Oliven bereits gereift sind.&hellip;&nbsp;<a href=\"https:\/\/www.artefakt.eu\/wissen\/vorbereitungen-fuer-die-olivenernte\/\" class=\"\" rel=\"bookmark\">Weiterlesen &raquo;<span class=\"screen-reader-text\">Vorbereitungen f\u00fcr die Olivenernte<\/span><\/a><\/p>\n","protected":false},"author":1,"featured_media":21158,"comment_status":"open","ping_status":"open","sticky":false,"template":"","format":"standard","meta":{"_themeisle_gutenberg_block_has_review":false,"footnotes":""},"categories":[212,117,114,208],"tags":[],"class_list":["post-21156","post","type-post","status-publish","format-standard","has-post-thumbnail","hentry","category-aktuelles","category-olivier-mallafre-katalonien","category-erzeuger-aus-spanien","category-reiseberichte"],"_links":{"self":[{"href":"https:\/\/www.artefakt.eu\/wissen\/wp-json\/wp\/v2\/posts\/21156","targetHints":{"allow":["GET"]}}],"collection":[{"href":"https:\/\/www.artefakt.eu\/wissen\/wp-json\/wp\/v2\/posts"}],"about":[{"href":"https:\/\/www.artefakt.eu\/wissen\/wp-json\/wp\/v2\/types\/post"}],"author":[{"embeddable":true,"href":"https:\/\/www.artefakt.eu\/wissen\/wp-json\/wp\/v2\/users\/1"}],"replies":[{"embeddable":true,"href":"https:\/\/www.artefakt.eu\/wissen\/wp-json\/wp\/v2\/comments?post=21156"}],"version-history":[{"count":10,"href":"https:\/\/www.artefakt.eu\/wissen\/wp-json\/wp\/v2\/posts\/21156\/revisions"}],"predecessor-version":[{"id":21243,"href":"https:\/\/www.artefakt.eu\/wissen\/wp-json\/wp\/v2\/posts\/21156\/revisions\/21243"}],"wp:featuredmedia":[{"embeddable":true,"href":"https:\/\/www.artefakt.eu\/wissen\/wp-json\/wp\/v2\/media\/21158"}],"wp:attachment":[{"href":"https:\/\/www.artefakt.eu\/wissen\/wp-json\/wp\/v2\/media?parent=21156"}],"wp:term":[{"taxonomy":"category","embeddable":true,"href":"https:\/\/www.artefakt.eu\/wissen\/wp-json\/wp\/v2\/categories?post=21156"},{"taxonomy":"post_tag","embeddable":true,"href":"https:\/\/www.artefakt.eu\/wissen\/wp-json\/wp\/v2\/tags?post=21156"}],"curies":[{"name":"wp","href":"https:\/\/api.w.org\/{rel}","templated":true}]}}