{"id":262,"date":"2013-10-28T12:54:02","date_gmt":"2013-10-28T11:54:02","guid":{"rendered":"http:\/\/www.artefakt.eu\/wissen\/?p=262"},"modified":"2013-10-28T12:54:57","modified_gmt":"2013-10-28T11:54:57","slug":"ein-reisebericht-von-franz-gentemann-januar-2007","status":"publish","type":"post","link":"https:\/\/www.artefakt.eu\/wissen\/ein-reisebericht-von-franz-gentemann-januar-2007\/","title":{"rendered":"Ein Reisebericht von Franz Gentemann &#8211; Januar 2007"},"content":{"rendered":"<h3>Olivenernte auf Kreta<\/h3>\n<p><strong><img loading=\"lazy\" decoding=\"async\" src=\"https:\/\/www.artefakt.eu\/wissen\/wp-content\/uploads\/2011\/Reiseberichte\/franz.jpg\" alt=\"\" width=\"120\" height=\"100\" class=\"img-padding-left\" hspace=\"3\" vspace=\"3\" \/>Wetterkapriolen auch in Griechenland! Fallen jetzt die Preise f\u00fcrs Kreta-\u00d6l? <\/strong><br \/>\nWieder einmal hatte ich die Gelegenheit bei der Olivenernte in Kreta dabei zu sein. Vom 11. bis zum 15. Januar habe ich mit Conrad B\u00f6licke von arteFakt und Kostas Apostolopoulos, \u201cunseren Mann in Griechenland\u201c, die Olivenbauern auf Kreta besucht.<\/p>\n<p><strong>Das Oliven\u00f6l No. 29 Mesara<\/strong><br \/>\nVon Athen aus fliegen wir nach Heraklion, um von dort aus in Mires, am Rande der Mesara-Hochebene, mit Vertretern der dortigen Kooperative zu sprechen. Man berichtet uns, dass die Tanks schon gut gef\u00fcllt sind. In K\u00fcrze will man mit der Ernte durch sein. Wir nehmen direkt in der \u00d6lm\u00fchle eine erste Verkostung verschiedener \u00d6le vor. Die Entscheidung f\u00e4llt nicht leicht. Es werden einige \u00d6lproben f\u00fcr die Pr\u00fcfung in einem Berliner Institut entnommen. Nur \u00d6l der besten Qualit\u00e4t hat bei arteFakt eine Chance! Anschlie\u00dfend besuchen wir in der N\u00e4he eine Olivenholzschnitzerei. Ab Kampagnen-Beginn im Mai 2007 werden einige Artikel \u00fcber den arteFakt-Marktplatz zu beziehen sein.<\/p>\n<p><strong>Das Oliven\u00f6l No. 29 Lassithi<\/strong><br \/>\nNach der Besichtigung des arch\u00e4ologischen Tempels von Phaestos, dem \u00e4ltesten Tempel Griechenlands, fahren wir durch die Mesara-Ebene Richtung Ierapetra. In der dortige Genossenschaft in Skinokapsala, an Kretas S\u00fcdk\u00fcste, besuchen wir Edith und Jannis Fronimakis unterhalb des Triptis Gebirges. Wir erfahren, dass auch in den griechischen Anbaugebieten die Wetterkapriolen der Olivenernte zugesetzt haben. Einen \u201crichtigen Winter\u201c hat es dort bisher auch nicht gegeben, was zur teilweisen \u00dcberreife von einigen Olivenhainen f\u00fchrte. Aber die \u00d6lbauern werden das schon hinbekommen.<\/p>\n<p>In der dortigen \u00d6lm\u00fchle entnehmen wir Wasserproben, um beim Zukunfts-Thema \u201cWasseraufwiederaufbereitung\u201c einen Schritt weiter zu kommen. Die Tests in Berlin sollen Aufschluss dar\u00fcber geben, was eine solche Anlage sp\u00e4ter leisten muss.<\/p>\n<p><strong>Baumpatenschaften Skinokapsala<\/strong><br \/>\nUnser Patenschaftshain ist bereits abgeerntet und zu fl\u00fcssigem Gold verarbeitet worden und der Kauf eines weiteren Olivenhains in unmittelbarer N\u00e4he steht unmittelbar vor dem Abschluss.<\/p>\n<p><strong>Besuch der Imkerei<\/strong><br \/>\nNat\u00fcrlich besuchen wir wieder die Imkerei von Manolis Chaniotakis. Dort wird die Honigbestellung f\u00fcr Mai 2007 noch etwas erweitert. Wir m\u00fcssen sofort neue Honigsorten kosten.<\/p>\n<p><strong>Reise zur Olivenernte 2007\/2008<\/strong><br \/>\nZiel unserer Reise war auch die Vorbereitung einer seit geraumer Zeit geplanten Reise zur n\u00e4chsten Olivenernte nach Kreta. Conrad B\u00f6licke hat mich gebeten eine solche Reise zu planen und zu begleiten.<\/p>\n<p>Wir haben wieder spannende Tage in Kreta erlebt. Das Thema Oliven\u00f6l ist unersch\u00f6pflich. Wir werden dranbleiben m\u00fcssen.<\/p>\n<p>Franz Gentemann<br \/>\nEgling\/Endlhausen, 26. Januar 2007<\/p>\n","protected":false},"excerpt":{"rendered":"<p>Olivenernte auf Kreta Wetterkapriolen auch in Griechenland! Fallen jetzt die Preise f\u00fcrs Kreta-\u00d6l? Wieder einmal hatte ich die Gelegenheit bei der Olivenernte in Kreta dabei zu sein. Vom 11. bis zum 15. Januar habe ich mit Conrad B\u00f6licke von arteFakt und Kostas Apostolopoulos, \u201cunseren Mann in Griechenland\u201c, die Olivenbauern auf Kreta besucht. Das Oliven\u00f6l No.&hellip;&nbsp;<a href=\"https:\/\/www.artefakt.eu\/wissen\/ein-reisebericht-von-franz-gentemann-januar-2007\/\" class=\"\" rel=\"bookmark\">Weiterlesen &raquo;<span class=\"screen-reader-text\">Ein Reisebericht von Franz Gentemann &#8211; Januar 2007<\/span><\/a><\/p>\n","protected":false},"author":1,"featured_media":0,"comment_status":"open","ping_status":"open","sticky":false,"template":"","format":"standard","meta":{"_themeisle_gutenberg_block_has_review":false,"footnotes":""},"categories":[208],"tags":[],"class_list":["post-262","post","type-post","status-publish","format-standard","hentry","category-reiseberichte"],"_links":{"self":[{"href":"https:\/\/www.artefakt.eu\/wissen\/wp-json\/wp\/v2\/posts\/262","targetHints":{"allow":["GET"]}}],"collection":[{"href":"https:\/\/www.artefakt.eu\/wissen\/wp-json\/wp\/v2\/posts"}],"about":[{"href":"https:\/\/www.artefakt.eu\/wissen\/wp-json\/wp\/v2\/types\/post"}],"author":[{"embeddable":true,"href":"https:\/\/www.artefakt.eu\/wissen\/wp-json\/wp\/v2\/users\/1"}],"replies":[{"embeddable":true,"href":"https:\/\/www.artefakt.eu\/wissen\/wp-json\/wp\/v2\/comments?post=262"}],"version-history":[{"count":0,"href":"https:\/\/www.artefakt.eu\/wissen\/wp-json\/wp\/v2\/posts\/262\/revisions"}],"wp:attachment":[{"href":"https:\/\/www.artefakt.eu\/wissen\/wp-json\/wp\/v2\/media?parent=262"}],"wp:term":[{"taxonomy":"category","embeddable":true,"href":"https:\/\/www.artefakt.eu\/wissen\/wp-json\/wp\/v2\/categories?post=262"},{"taxonomy":"post_tag","embeddable":true,"href":"https:\/\/www.artefakt.eu\/wissen\/wp-json\/wp\/v2\/tags?post=262"}],"curies":[{"name":"wp","href":"https:\/\/api.w.org\/{rel}","templated":true}]}}