{"id":522,"date":"2020-04-04T00:00:24","date_gmt":"2020-04-03T23:00:24","guid":{"rendered":"http:\/\/www.artefakt.eu\/wissen\/?page_id=522"},"modified":"2020-09-11T23:14:51","modified_gmt":"2020-09-11T22:14:51","slug":"reisen-nach-griechenland","status":"publish","type":"post","link":"https:\/\/www.artefakt.eu\/wissen\/reisen-nach-griechenland\/","title":{"rendered":"Reisen nach Griechenland"},"content":{"rendered":"<h3><span style=\"color: #333399;\">Oliven\u00f6l-Fachreise auf den Peloponnes vom 29. Oktober bis 2. November 2020<\/span><\/h3>\r\n<strong>Mit Conrad B\u00f6licke und Petros Livanis zur Olivenernte in Korinth (Oliven\u00f6l No.23). <\/strong><strong>Die 5-t\u00e4gige Reise ist f\u00fcr mindestens 12 und maximal 20 Teilnehmer und Teilnehmerinnen ausgelegt.<\/strong>\r\n\r\n<img loading=\"lazy\" decoding=\"async\" class=\"aligncenter wp-image-12234 size-full\" src=\"https:\/\/www.artefakt.eu\/wissen\/wp-content\/uploads\/2020\/04\/Peloponnes-1.jpg\" alt=\"\" width=\"1184\" height=\"281\" srcset=\"https:\/\/www.artefakt.eu\/wissen\/wp-content\/uploads\/2020\/04\/Peloponnes-1.jpg 1184w, https:\/\/www.artefakt.eu\/wissen\/wp-content\/uploads\/2020\/04\/Peloponnes-1-350x83.jpg 350w, https:\/\/www.artefakt.eu\/wissen\/wp-content\/uploads\/2020\/04\/Peloponnes-1-1024x243.jpg 1024w, https:\/\/www.artefakt.eu\/wissen\/wp-content\/uploads\/2020\/04\/Peloponnes-1-768x182.jpg 768w\" sizes=\"auto, (max-width: 1184px) 100vw, 1184px\" \/>\r\n<h4><span style=\"color: #333399;\">Vorl\u00e4ufiges Programm der Oliven\u00f6l-Fachreise auf den Peloponnes<\/span><\/h4>\r\nDie geplante Reiseroute bis in den s\u00fcdlichen Teil des Peloponnes haben wir verk\u00fcrzt und werden in der Region Korinth bleiben. Die Auswahl der angebotenen Flugverbindungen wird voraussichtlich geringer sein als vor der Pandemiezeit, so dass wir vielfach erst bis 16.00 Uhr in Athen ankommen werden. Zudem m\u00f6chten wir die Verweildauer in den Busfahrten vor Ort immer m\u00f6glichst kurz halten.\r\nZur Reisezeit wird in der Region Korinth die Sonne kurz vor 7.00 Uhr aufgehen und bereits um 17.30 Uhr wird es wieder dunkel. Der Tagesrhythmus wird sich daraufhin ausrichten.\r\n\r\n<span style=\"color: #333399;\"><strong>Donnerstag,\u00a0 29. Oktober<\/strong><\/span>\r\nAnkunft und Beginn der Reise am Flughafen Athen, voraussichtlich bis 16.00 Uhr. Alle Ankommenden werden bei ihrer individuellen Ankunft in Empfang genommen. Wer sehr vorzeitig vor 16.00 Uhr ankommt wird nicht auf dem Flughafen warten m\u00fcssen, sondern wird betreut.\r\nBusfahrt vom Flughafen nach Korinth mit kleinem Imbiss im Bus als erste kleine Einstimmung in die Welt der Olive.\r\n\r\n<span style=\"color: #333399;\">17.00 Uhr<\/span> Ankunft im Hotel und Pause zum Ankommen, Ausruhen, Baden im Pool oder noch einem kurzen Sprung ins Meer\r\n<span style=\"color: #333399;\">19.00 Uhr<\/span> Zusammenkunft zum gegenseitigen Vorstellen, zum Besprechen der Tagesabl\u00e4ufe, des Programms und zur Aufnahme von W\u00fcnschen\r\nEinf\u00fchrung in die historische Bedeutung der Olive durch die Jahrtausende\r\n<span style=\"color: #333399;\">20.30 Uhr<\/span> Abendessen im Hotel\r\n\r\n<span style=\"color: #333399;\"><strong>Freitag, 30. Oktober<\/strong><\/span>\r\nBis\r\n<span style=\"color: #333399;\">08.00 Uhr<\/span> Fr\u00fchst\u00fcck\r\n<span style=\"color: #333399;\">08.30 Uhr<\/span> Einf\u00fchrung in die Zellbiologie und die Bildung von Oliven\u00f6l in der Olive\r\n<span style=\"color: #333399;\">09.30 Uhr<\/span> Pause\r\n<span style=\"color: #333399;\">10.00 Uhr<\/span> Wie wir schmecken und riechen, sensorische \u00dcbungen, Verkostung und Bewertung verschiedener Oliven\u00f6le\r\n<span style=\"color: #333399;\">11.30 Uhr<\/span> Pause und Abfahrt zum Mittagsimbiss mit Oliven\u00f6l-Degustation*\r\n<span style=\"color: #333399;\">12.00 Uhr<\/span> Mittagsimbiss am Isthmus von Korinth mit Besichtigung des Kanals von Korinth\r\n<span style=\"color: #333399;\">14.00 Uhr<\/span> Pause im Hotel\r\n<span style=\"color: #333399;\">15.30 Uhr<\/span> Einf\u00fchrung in die Natur und den Metabolismus des Olivenbaums und seiner Fr\u00fcchte im Olivenhain\r\n<span style=\"color: #333399;\">17.00 Uhr<\/span> Pause\r\n<span style=\"color: #333399;\">19.00 Uhr<\/span> Abfahrt zum Abendessen mit Oliven\u00f6l- und Wein-Degustation*\r\n\r\n<span style=\"color: #333399;\"><strong>Sonnabend, 31. Oktober<\/strong><\/span>\r\nBis\r\n<span style=\"color: #333399;\">08.00 Uhr<\/span> Fr\u00fchst\u00fcck\r\n<span style=\"color: #333399;\">08.30 Uhr<\/span> Fahrt zum Olivenhain von Dimitrios Sinanos in Klenia zur Olivenernte\r\n<span style=\"color: #333399;\">11.30 Uhr<\/span> Fahrt zum Mittagsimbiss auf dem Dorf- und Festplatz von Klenia auf dem Berg mit Blick \u00fcber die Region bis hin zum Golf von Korinth und einer Oliven\u00f6l-Degustation*\r\n<span style=\"color: #333399;\">14.00<\/span> <span style=\"color: #333399;\">Uhr<\/span> Pause\r\n<span style=\"color: #333399;\">16.00 Uhr<\/span> Einf\u00fchrung in die Technologie der Olivenm\u00fchle, Erl\u00e4uterung chemisch-analytischen Qualit\u00e4tsmerkmale sowie die Qualifizierung nach der Oliven\u00f6lverordnung und wo und warum arteFakt davon abweicht und dar\u00fcber hinausgeht\r\n<span style=\"color: #333399;\">17.30 Uhr<\/span> Pause\r\n<span style=\"color: #333399;\">18.00 Uhr<\/span> Fahrt nach Chiliomodi zur Besichtigung einer Standard-Olivenm\u00fchle eines Lohnm\u00fcllers\r\n<span style=\"color: #333399;\">19.30 Uhr<\/span> Abendessen in Perigila am Golf von Korinth mit Fisch &amp; Meeresfr\u00fcchte und einer Oliven\u00f6l-Degustation*\r\n\r\n<span style=\"color: #333399;\"><strong>Sonntag, 1. November<\/strong><\/span>\r\nBis\r\n<span style=\"color: #333399;\">08.00 Uhr<\/span> Fr\u00fchst\u00fcck\r\n<span style=\"color: #333399;\">08.30 Uhr<\/span> Fahrt zur Besichtigung der Anlagen des alten Korinth\r\n<span style=\"color: #333399;\">10.30 Uhr<\/span> Weiterfahrt nach Nemea zum Besuch einer Bio Essigmanufaktur (Petimesi &amp; Granatapfel Balsamessig) und der Dom\u00e4ne Repanis\r\n<span style=\"color: #333399;\">14.00 Uhr<\/span> Mittagsimbiss mit Oliven\u00f6l- und Wein-Degustation*\r\n<span style=\"color: #333399;\">16.00 Uhr<\/span> Pause\r\n<span style=\"color: #333399;\">18.00 Uhr<\/span> Fahrt nach Klenia zur Besichtigung der Olivenm\u00fchle von Dimitrios Sinanos\r\n<span style=\"color: #333399;\">20.00 Uhr<\/span> Abendessen in der Region mit Oliven\u00f6l-Degustation*\r\n\r\n<span style=\"color: #333399;\"><strong>Montag, 2. November<\/strong><\/span>\r\nVariables, auch individuelles Programm, entsprechend der R\u00fcckflugzeiten der Teilnehmer\r\n\r\n*<em>Vor dem Essen oder einem Speisegang werden jeweils ein bis zwei Oliven\u00f6le verkostet und in ihren sensorischen Eigenschaften sowie ihre Verwendung in der K\u00fcche besprochen.<\/em>\r\n\r\n<img loading=\"lazy\" decoding=\"async\" class=\"aligncenter size-full wp-image-12236\" src=\"https:\/\/www.artefakt.eu\/wissen\/wp-content\/uploads\/2020\/04\/Peloponnes-2.jpg\" alt=\"\" width=\"1184\" height=\"202\" srcset=\"https:\/\/www.artefakt.eu\/wissen\/wp-content\/uploads\/2020\/04\/Peloponnes-2.jpg 1184w, https:\/\/www.artefakt.eu\/wissen\/wp-content\/uploads\/2020\/04\/Peloponnes-2-350x60.jpg 350w, https:\/\/www.artefakt.eu\/wissen\/wp-content\/uploads\/2020\/04\/Peloponnes-2-1024x175.jpg 1024w, https:\/\/www.artefakt.eu\/wissen\/wp-content\/uploads\/2020\/04\/Peloponnes-2-768x131.jpg 768w\" sizes=\"auto, (max-width: 1184px) 100vw, 1184px\" \/>\r\n\r\n<span style=\"color: #993300;\"><strong>M\u00f6chten Sie die Gelegenheit f\u00fcr individuelle Verl\u00e4ngerungen vor oder nach der Reise nutzen, k\u00f6nnen Sie sich f\u00fcr Tipps gern an uns wenden.<\/strong><\/span>\r\n\r\n<span style=\"color: #333399;\"><strong>Reisepreis:<\/strong><\/span>\r\n660,00 Euro pro Person im Doppelzimmer, 80,00 Euro Einzelzimmerzuschlag \u2013 exklusive der Fl\u00fcge bzw. An- und Abreisekosten.\r\n<span style=\"color: #333399;\"><strong>Leistung:<\/strong><\/span>\r\nMobilit\u00e4t vor Ort, 4 x Hotel, 4 x Mittagsimbiss, 4 x Abendessen, Ausfl\u00fcge, Eintrittspreise, Organisation und Reiseleitung.\r\n<span style=\"color: #333399;\"><strong>Information und Interessenanmeldung:<\/strong><\/span>\r\nPer E-Mail an <a href=\"mailto:service@artefakt.eu\">service@artefakt.eu<\/a> oder telefonisch unter 04283.981317.\r\n\r\n&nbsp;\r\n\r\n<!-- \/wp:post-content -->","protected":false},"excerpt":{"rendered":"<p><b>Abgesagt:<\/b> Oliven\u00f6l-Fachreise auf den Peloponnes<br \/>\nmit den Reiseleitern Conrad B\u00f6licke und Petros Livanis vom 29. Oktober bis 2. November 2020<\/p>\n<p><b>Abgesagt:<\/b> Kreta-Reise mit Marianne Kill &#038; Marita Geils vom 12.-21.10.2020<\/p>\n","protected":false},"author":2,"featured_media":11658,"comment_status":"closed","ping_status":"closed","sticky":false,"template":"","format":"standard","meta":{"_themeisle_gutenberg_block_has_review":false,"footnotes":""},"categories":[254],"tags":[],"class_list":["post-522","post","type-post","status-publish","format-standard","has-post-thumbnail","hentry","category-reisen-nach-griechenland"],"_links":{"self":[{"href":"https:\/\/www.artefakt.eu\/wissen\/wp-json\/wp\/v2\/posts\/522","targetHints":{"allow":["GET"]}}],"collection":[{"href":"https:\/\/www.artefakt.eu\/wissen\/wp-json\/wp\/v2\/posts"}],"about":[{"href":"https:\/\/www.artefakt.eu\/wissen\/wp-json\/wp\/v2\/types\/post"}],"author":[{"embeddable":true,"href":"https:\/\/www.artefakt.eu\/wissen\/wp-json\/wp\/v2\/users\/2"}],"replies":[{"embeddable":true,"href":"https:\/\/www.artefakt.eu\/wissen\/wp-json\/wp\/v2\/comments?post=522"}],"version-history":[{"count":5,"href":"https:\/\/www.artefakt.eu\/wissen\/wp-json\/wp\/v2\/posts\/522\/revisions"}],"predecessor-version":[{"id":12508,"href":"https:\/\/www.artefakt.eu\/wissen\/wp-json\/wp\/v2\/posts\/522\/revisions\/12508"}],"wp:featuredmedia":[{"embeddable":true,"href":"https:\/\/www.artefakt.eu\/wissen\/wp-json\/wp\/v2\/media\/11658"}],"wp:attachment":[{"href":"https:\/\/www.artefakt.eu\/wissen\/wp-json\/wp\/v2\/media?parent=522"}],"wp:term":[{"taxonomy":"category","embeddable":true,"href":"https:\/\/www.artefakt.eu\/wissen\/wp-json\/wp\/v2\/categories?post=522"},{"taxonomy":"post_tag","embeddable":true,"href":"https:\/\/www.artefakt.eu\/wissen\/wp-json\/wp\/v2\/tags?post=522"}],"curies":[{"name":"wp","href":"https:\/\/api.w.org\/{rel}","templated":true}]}}